{"id":1608,"date":"2026-03-14T08:45:10","date_gmt":"2026-03-14T07:45:10","guid":{"rendered":"https:\/\/www.ilotdelacotedor.fr\/?p=1608"},"modified":"2026-03-20T19:07:13","modified_gmt":"2026-03-20T18:07:13","slug":"noubliez-pas-vendredi-27-mars-cest-lag-de-lilot-de-la-cote-dor","status":"publish","type":"post","link":"https:\/\/www.ilotdelacotedor.fr\/?p=1608","title":{"rendered":"N&rsquo;oubliez pas : vendredi 27 mars, c&rsquo;est l&rsquo;AG de l&rsquo;\u00eelot de la c\u00f4te d&rsquo;or"},"content":{"rendered":"<p style=\"text-align: center;\">Vous \u00eates cordialement invit\u00e9 \u00e0 l\u2019ASSEMBLEE GENERALE ORDINAIRE<\/p>\n<p style=\"text-align: center;\">de l\u2019association \u00celot de la C\u00f4te d\u2019Or qui aura lieu <strong>le vendredi 27 mars 2026 \u00e0 19h<\/strong>,<\/p>\n<p style=\"text-align: center;\">dans la <strong>salle polyvalente des renards <\/strong><\/p>\n<p style=\"text-align: center;\">(2 rue des Renards, \u00e0 c\u00f4t\u00e9 de la boulangerie Petit Jean &#8211; quartier Bourgeonni\u00e8re).<\/p>\n<p style=\"text-align: center;\">et pour vous motiver, voici les projets pour 2026 :<\/p>\n<p style=\"text-align: center;\"><a href=\"http:\/\/www.ilotdelacotedor.fr\/wp-content\/uploads\/2026\/03\/IMG-20260204-WA0000.jpg\"><img loading=\"lazy\" decoding=\"async\" class=\"alignnone size-medium wp-image-1612\" src=\"http:\/\/www.ilotdelacotedor.fr\/wp-content\/uploads\/2026\/03\/IMG-20260204-WA0000-300x251.jpg\" alt=\"\" width=\"300\" height=\"251\" srcset=\"https:\/\/www.ilotdelacotedor.fr\/wp-content\/uploads\/2026\/03\/IMG-20260204-WA0000-300x251.jpg 300w, https:\/\/www.ilotdelacotedor.fr\/wp-content\/uploads\/2026\/03\/IMG-20260204-WA0000-768x644.jpg 768w, https:\/\/www.ilotdelacotedor.fr\/wp-content\/uploads\/2026\/03\/IMG-20260204-WA0000-358x300.jpg 358w, https:\/\/www.ilotdelacotedor.fr\/wp-content\/uploads\/2026\/03\/IMG-20260204-WA0000.jpg 940w\" sizes=\"auto, (max-width: 300px) 100vw, 300px\" \/><\/a><\/p>\n<p style=\"text-align: center;\">* * * *<\/p>\n<p style=\"text-align: center;\"><em>Pour adh\u00e9rer \u00e0 l&rsquo;asso, vous pouvez\u00a0aller sur <a href=\"https:\/\/www.helloasso.com\/associations\/ilot-de-la-cote-d-or\/adhesions\/adhesion-2026\" target=\"_blank\" rel=\"noopener\">Hello Asso<\/a> ou scanner ce QR-code <a href=\"http:\/\/www.ilotdelacotedor.fr\/wp-content\/uploads\/2026\/02\/2026-qr-code-adhesion.jpg\">:<img loading=\"lazy\" decoding=\"async\" class=\"aligncenter\" src=\"http:\/\/www.ilotdelacotedor.fr\/wp-content\/uploads\/2026\/02\/2026-qr-code-adhesion.jpg\" alt=\"\" width=\"153\" height=\"145\" \/><\/a>(ces informations se retrouvent sur la page \u00ab\u00a0liens utiles\u00a0\u00bb du <a href=\"http:\/\/www.ilotdelacotedor.fr\" target=\"_blank\" rel=\"noopener\">site web<\/a>)<\/em><\/p>\n<p>&nbsp;<\/p>\n","protected":false},"excerpt":{"rendered":"<p>Vous \u00eates cordialement invit\u00e9 \u00e0 l\u2019ASSEMBLEE GENERALE ORDINAIRE de l\u2019association \u00celot de la C\u00f4te d\u2019Or qui aura lieu le vendredi 27 mars 2026 \u00e0 19h, dans la salle polyvalente des renards (2 rue des Renards, \u00e0 c\u00f4t\u00e9 de la boulangerie &hellip; <a href=\"https:\/\/www.ilotdelacotedor.fr\/?p=1608\">Continuer la lecture <span class=\"meta-nav\">&rarr;<\/span><\/a><\/p>\n","protected":false},"author":1,"featured_media":0,"comment_status":"open","ping_status":"open","sticky":false,"template":"","format":"standard","meta":{"_exactmetrics_skip_tracking":false,"_exactmetrics_sitenote_active":false,"_exactmetrics_sitenote_note":"","_exactmetrics_sitenote_category":0,"footnotes":""},"categories":[9],"tags":[],"class_list":["post-1608","post","type-post","status-publish","format-standard","hentry","category-association"],"post_mailing_queue_ids":[],"_links":{"self":[{"href":"https:\/\/www.ilotdelacotedor.fr\/index.php?rest_route=\/wp\/v2\/posts\/1608","targetHints":{"allow":["GET"]}}],"collection":[{"href":"https:\/\/www.ilotdelacotedor.fr\/index.php?rest_route=\/wp\/v2\/posts"}],"about":[{"href":"https:\/\/www.ilotdelacotedor.fr\/index.php?rest_route=\/wp\/v2\/types\/post"}],"author":[{"embeddable":true,"href":"https:\/\/www.ilotdelacotedor.fr\/index.php?rest_route=\/wp\/v2\/users\/1"}],"replies":[{"embeddable":true,"href":"https:\/\/www.ilotdelacotedor.fr\/index.php?rest_route=%2Fwp%2Fv2%2Fcomments&post=1608"}],"version-history":[{"count":5,"href":"https:\/\/www.ilotdelacotedor.fr\/index.php?rest_route=\/wp\/v2\/posts\/1608\/revisions"}],"predecessor-version":[{"id":1614,"href":"https:\/\/www.ilotdelacotedor.fr\/index.php?rest_route=\/wp\/v2\/posts\/1608\/revisions\/1614"}],"wp:attachment":[{"href":"https:\/\/www.ilotdelacotedor.fr\/index.php?rest_route=%2Fwp%2Fv2%2Fmedia&parent=1608"}],"wp:term":[{"taxonomy":"category","embeddable":true,"href":"https:\/\/www.ilotdelacotedor.fr\/index.php?rest_route=%2Fwp%2Fv2%2Fcategories&post=1608"},{"taxonomy":"post_tag","embeddable":true,"href":"https:\/\/www.ilotdelacotedor.fr\/index.php?rest_route=%2Fwp%2Fv2%2Ftags&post=1608"}],"curies":[{"name":"wp","href":"https:\/\/api.w.org\/{rel}","templated":true}]}}