{"id":1744,"date":"2026-09-05T07:51:59","date_gmt":"2026-09-05T06:51:59","guid":{"rendered":"https:\/\/www.ilotdelacotedor.fr\/?p=1744"},"modified":"2026-09-05T07:52:19","modified_gmt":"2026-09-05T06:52:19","slug":"la-rentree-dans-le-quartier","status":"publish","type":"post","link":"https:\/\/www.ilotdelacotedor.fr\/?p=1744","title":{"rendered":"La rentr\u00e9e dans le quartier\u00a0"},"content":{"rendered":"<p>La canicule et la chaleur estivales n\u2019ont pas \u00e9t\u00e9 en reste dans notre quartier, comme partout en France.<\/p>\n<p>Les marquages au sol ont \u00e9t\u00e9 effectu\u00e9s d\u2019une mani\u00e8re (comment dire\u00a0?) al\u00e9atoire\u00a0! Certaines rues devront sans doute conserver les marques actuelles pour les emplacements de parking\u00a0! Notre bin\u00f4me de choc qui \u00e9tait pr\u00e9sent \u00e0 l\u2019\u00e9tat des lieux de fin de travaux retourne aux cr\u00e9neaux pour conna\u00eetre la suite.<\/p>\n<p>En ao\u00fbt, le WhatsApp \u00ab\u00a0voisins attentifs ilot de la c\u00f4te d\u2019or \u00bb<a href=\"http:\/\/www.ilotdelacotedor.fr\/wp-content\/uploads\/2026\/09\/Screenshot_20260905_084617_com.whatsapp.jpg\"><img loading=\"lazy\" decoding=\"async\" class=\" wp-image-1745 alignright\" src=\"http:\/\/www.ilotdelacotedor.fr\/wp-content\/uploads\/2026\/09\/Screenshot_20260905_084617_com.whatsapp-138x300.jpg\" alt=\"\" width=\"142\" height=\"290\" \/><\/a> a bien fonctionn\u00e9\u00a0:<\/p>\n<ul>\n<li>pour des \u00e9changes de vigilance (personnes suspectes v\u00e9rifiant la pr\u00e9sence des habitants, etc.)<\/li>\n<li>mais malheureusement aussi pour des informations plus dramatiques avec des effractions,<\/li>\n<li>et sur d\u2019autres th\u00e8mes comme des fuites d\u2019eau, qui ne sont pas destin\u00e9s \u00e0 ce canal\u00a0!<\/li>\n<\/ul>\n<p>Cela montre en tous cas que c\u2019est utile pour \u00e9viter au mieux le pire\u00a0! Et il a \u00e9t\u00e9 cr\u00e9\u00e9 \u00e0 la rentr\u00e9e de nouveaux canaux WhatsApp pour permettre de mieux communiquer. Nous \u00e9tudierons les usages dans les semaines qui viennent.<\/p>\n<p>Les projets de la rentr\u00e9e\u00a0restent les m\u00eames que ceux annonc\u00e9s en juillet :<\/p>\n<ul>\n<li>Le <strong>pot de rentr\u00e9e<\/strong>: vendredi 18 septembre, Impasse du Menuet (s\u00e9curisant pour les enfants !), \u00e0 partir de 19h<a href=\"http:\/\/www.ilotdelacotedor.fr\/wp-content\/uploads\/2026\/05\/IMG_20260526_103028-scaled.jpg\"><img loading=\"lazy\" decoding=\"async\" class=\"wp-image-1677 alignleft\" src=\"http:\/\/www.ilotdelacotedor.fr\/wp-content\/uploads\/2026\/05\/IMG_20260526_103028-225x300.jpg\" alt=\"\" width=\"116\" height=\"153\" \/><\/a> et cette ann\u00e9e nous en profiterons pour inaugurer notre magnifique bo\u00eete \u00e0 livres.<\/li>\n<\/ul>\n<p>&nbsp;<\/p>\n<p>&nbsp;<\/p>\n<p>&nbsp;<\/p>\n<p>Et les animations de l\u2019<strong>automne<\/strong> qui vont suivre\u00a0: halloween, etc.<\/p>\n<p>On en reparlera\u00a0!<\/p>\n<p>A tr\u00e8s vite pour se voir.<\/p>\n","protected":false},"excerpt":{"rendered":"<p>La canicule et la chaleur estivales n\u2019ont pas \u00e9t\u00e9 en reste dans notre quartier, comme partout en France. Les marquages au sol ont \u00e9t\u00e9 effectu\u00e9s d\u2019une mani\u00e8re (comment dire\u00a0?) al\u00e9atoire\u00a0! Certaines rues devront sans doute conserver les marques actuelles pour &hellip; <a href=\"https:\/\/www.ilotdelacotedor.fr\/?p=1744\">Continuer la lecture <span class=\"meta-nav\">&rarr;<\/span><\/a><\/p>\n","protected":false},"author":1,"featured_media":0,"comment_status":"open","ping_status":"open","sticky":false,"template":"","format":"standard","meta":{"_exactmetrics_skip_tracking":false,"_exactmetrics_sitenote_active":false,"_exactmetrics_sitenote_note":"","_exactmetrics_sitenote_category":0,"footnotes":""},"categories":[2,3],"tags":[],"class_list":["post-1744","post","type-post","status-publish","format-standard","hentry","category-animation","category-quartier"],"post_mailing_queue_ids":[],"_links":{"self":[{"href":"https:\/\/www.ilotdelacotedor.fr\/index.php?rest_route=\/wp\/v2\/posts\/1744","targetHints":{"allow":["GET"]}}],"collection":[{"href":"https:\/\/www.ilotdelacotedor.fr\/index.php?rest_route=\/wp\/v2\/posts"}],"about":[{"href":"https:\/\/www.ilotdelacotedor.fr\/index.php?rest_route=\/wp\/v2\/types\/post"}],"author":[{"embeddable":true,"href":"https:\/\/www.ilotdelacotedor.fr\/index.php?rest_route=\/wp\/v2\/users\/1"}],"replies":[{"embeddable":true,"href":"https:\/\/www.ilotdelacotedor.fr\/index.php?rest_route=%2Fwp%2Fv2%2Fcomments&post=1744"}],"version-history":[{"count":3,"href":"https:\/\/www.ilotdelacotedor.fr\/index.php?rest_route=\/wp\/v2\/posts\/1744\/revisions"}],"predecessor-version":[{"id":1748,"href":"https:\/\/www.ilotdelacotedor.fr\/index.php?rest_route=\/wp\/v2\/posts\/1744\/revisions\/1748"}],"wp:attachment":[{"href":"https:\/\/www.ilotdelacotedor.fr\/index.php?rest_route=%2Fwp%2Fv2%2Fmedia&parent=1744"}],"wp:term":[{"taxonomy":"category","embeddable":true,"href":"https:\/\/www.ilotdelacotedor.fr\/index.php?rest_route=%2Fwp%2Fv2%2Fcategories&post=1744"},{"taxonomy":"post_tag","embeddable":true,"href":"https:\/\/www.ilotdelacotedor.fr\/index.php?rest_route=%2Fwp%2Fv2%2Ftags&post=1744"}],"curies":[{"name":"wp","href":"https:\/\/api.w.org\/{rel}","templated":true}]}}